{"id":27388,"date":"2026-04-26T21:23:24","date_gmt":"2026-04-26T19:23:24","guid":{"rendered":"https:\/\/www.pfarre-gisingen.at\/sebastian\/?p=27388"},"modified":"2026-04-26T21:32:42","modified_gmt":"2026-04-26T19:32:42","slug":"11-12-mai-bittgang","status":"publish","type":"post","link":"https:\/\/www.pfarre-gisingen.at\/sebastian\/11-12-mai-bittgang","title":{"rendered":"Mo. 11. \/ Di. 12. Mai: Bittg\u00e4nge vor dem Fest Christi Himmelfahrt"},"content":{"rendered":"<p><strong><a href=\"https:\/\/www.pfarre-gisingen.at\/sebastian\/wp-content\/uploads\/2018\/05\/gisingen-bittprozession.jpg\"><img loading=\"lazy\" decoding=\"async\" class=\"alignleft wp-image-2324\" src=\"https:\/\/www.pfarre-gisingen.at\/sebastian\/wp-content\/uploads\/2018\/05\/gisingen-bittprozession-300x200.jpg\" alt=\"\" width=\"233\" height=\"155\" \/><\/a><\/strong>Mo. 11. Mai, 19.00 Uhr Bittgang zur Nofler Kirche, 19.30 Uhr Messfeier in Nofels<\/p>\n<p>Di. 12. Mai, 07.00 Uhr: Abgang bei der Kirche und Gebet durch das Dorf: Hauptstra\u00dfe &#8211; Heldenstra\u00dfe &#8211; F\u00f6hrenweg; 08.00 Uhr: Messe in der Kirche<\/p>\n<p>Mi. 13. Mai, 19.30 Uhr: Vorabendmesse zu Christi Himmelfahrt.<\/p>\n<p>&nbsp;<\/p>\n ","protected":false},"excerpt":{"rendered":"<p>Mo. 11. Mai, 19.00 Uhr Bittgang zur Nofler Kirche, 19.30 Uhr Messfeier in Nofels Di. 12. Mai, 07.00 Uhr: Abgang bei der Kirche und Gebet <span class=\"readmore\"><a href=\"https:\/\/www.pfarre-gisingen.at\/sebastian\/11-12-mai-bittgang\">Weiter lesen &#8230;<\/a><\/span><\/p>\n","protected":false},"author":1,"featured_media":2324,"comment_status":"closed","ping_status":"closed","sticky":false,"template":"","format":"standard","meta":{"footnotes":""},"categories":[18],"tags":[],"class_list":["post-27388","post","type-post","status-publish","format-standard","has-post-thumbnail","hentry","category-ankuendigungen-einladungen"],"_links":{"self":[{"href":"https:\/\/www.pfarre-gisingen.at\/sebastian\/wp-json\/wp\/v2\/posts\/27388","targetHints":{"allow":["GET"]}}],"collection":[{"href":"https:\/\/www.pfarre-gisingen.at\/sebastian\/wp-json\/wp\/v2\/posts"}],"about":[{"href":"https:\/\/www.pfarre-gisingen.at\/sebastian\/wp-json\/wp\/v2\/types\/post"}],"author":[{"embeddable":true,"href":"https:\/\/www.pfarre-gisingen.at\/sebastian\/wp-json\/wp\/v2\/users\/1"}],"replies":[{"embeddable":true,"href":"https:\/\/www.pfarre-gisingen.at\/sebastian\/wp-json\/wp\/v2\/comments?post=27388"}],"version-history":[{"count":2,"href":"https:\/\/www.pfarre-gisingen.at\/sebastian\/wp-json\/wp\/v2\/posts\/27388\/revisions"}],"predecessor-version":[{"id":27409,"href":"https:\/\/www.pfarre-gisingen.at\/sebastian\/wp-json\/wp\/v2\/posts\/27388\/revisions\/27409"}],"wp:featuredmedia":[{"embeddable":true,"href":"https:\/\/www.pfarre-gisingen.at\/sebastian\/wp-json\/wp\/v2\/media\/2324"}],"wp:attachment":[{"href":"https:\/\/www.pfarre-gisingen.at\/sebastian\/wp-json\/wp\/v2\/media?parent=27388"}],"wp:term":[{"taxonomy":"category","embeddable":true,"href":"https:\/\/www.pfarre-gisingen.at\/sebastian\/wp-json\/wp\/v2\/categories?post=27388"},{"taxonomy":"post_tag","embeddable":true,"href":"https:\/\/www.pfarre-gisingen.at\/sebastian\/wp-json\/wp\/v2\/tags?post=27388"}],"curies":[{"name":"wp","href":"https:\/\/api.w.org\/{rel}","templated":true}]}}